{"id":5659,"date":"2024-04-24T14:11:23","date_gmt":"2024-04-24T14:11:23","guid":{"rendered":"https:\/\/concrejato.com.br\/concrejato-leva-calcadao-de-copacabana-ate-as-bahamas-2-copy\/"},"modified":"2024-06-03T12:44:23","modified_gmt":"2024-06-03T12:44:23","slug":"palacio-itamaraty-no-centro-do-rio-vai-passar-por-obras-de-restauracao","status":"publish","type":"post","link":"https:\/\/concrejato.com.br\/en\/palacio-itamaraty-no-centro-do-rio-vai-passar-por-obras-de-restauracao\/","title":{"rendered":"Pal\u00e1cio Itamaraty, no Centro do Rio, vai passar por obras de restaura\u00e7\u00e3o"},"content":{"rendered":"<h2 class=\"wp-block-heading\">Pal\u00e1cio Itamaraty, no Centro do Rio, vai passar por obras de restaura\u00e7\u00e3o<\/h2>\n\n\n\n<figure class=\"wp-block-image size-large\"><img decoding=\"async\" width=\"1024\" height=\"576\" src=\"https:\/\/concrejato.com.br\/wp-content\/uploads\/2024\/05\/DJI_0559-3-1024x576.jpg\" alt=\"\" class=\"wp-image-5808\" srcset=\"https:\/\/concrejato.com.br\/wp-content\/uploads\/2024\/05\/DJI_0559-3-1024x576.jpg 1024w, https:\/\/concrejato.com.br\/wp-content\/uploads\/2024\/05\/DJI_0559-3-300x169.jpg 300w, https:\/\/concrejato.com.br\/wp-content\/uploads\/2024\/05\/DJI_0559-3-768x432.jpg 768w, https:\/\/concrejato.com.br\/wp-content\/uploads\/2024\/05\/DJI_0559-3-350x197.jpg 350w, https:\/\/concrejato.com.br\/wp-content\/uploads\/2024\/05\/DJI_0559-3-370x208.jpg 370w, https:\/\/concrejato.com.br\/wp-content\/uploads\/2024\/05\/DJI_0559-3-255x143.jpg 255w, https:\/\/concrejato.com.br\/wp-content\/uploads\/2024\/05\/DJI_0559-3-285x160.jpg 285w, https:\/\/concrejato.com.br\/wp-content\/uploads\/2024\/05\/DJI_0559-3-1536x864.jpg 1536w, https:\/\/concrejato.com.br\/wp-content\/uploads\/2024\/05\/DJI_0559-3-2048x1152.jpg 2048w\" sizes=\"(max-width: 1024px) 100vw, 1024px\" \/><figcaption class=\"wp-element-caption\"><em>(Foto: Marcos Gusm\u00e3o\/Concrejato)<\/em><\/figcaption><\/figure>\n\n\n\n<p>Para abrigar eventos ligados ao G20, o Pal\u00e1cio Itamaraty, erguido em 1854, no Centro do Rio, vai passar por obras de restaura\u00e7\u00e3o a cargo da Concrejato.<\/p>\n\n\n\n<p>O projeto, com prazo de conclus\u00e3o de dez meses, inclui reformas no gabinete do Bar\u00e3o do Rio Branco e no sal\u00e3o de banquetes.<\/p>\n\n\n\n<p>Para mais informa\u00e7\u00f5es, acesse a mat\u00e9ria no site do O Globo: <a href=\"https:\/\/oglobo.globo.com\/blogs\/ancelmo-gois\/post\/2023\/12\/palacio-itamaraty-no-centro-do-rio-vai-passar-por-obras-de-restauracao.ghtml\">https:\/\/oglobo.globo.com\/blogs\/ancelmo-gois\/post\/2023\/12\/palacio-itamaraty-no-centro-do-rio-vai-passar-por-obras-de-restauracao.ghtml<\/a><\/p>","protected":false},"excerpt":{"rendered":"<p>Pal\u00e1cio Itamaraty, no Centro do Rio, vai passar por obras de restaura\u00e7\u00e3o Para abrigar eventos ligados ao G20, o Pal\u00e1cio Itamaraty, erguido em 1854, no Centro do Rio, vai passar por obras de restaura\u00e7\u00e3o a cargo da Concrejato. O projeto, com prazo de conclus\u00e3o de dez meses, inclui reformas no gabinete do Bar\u00e3o do Rio [&hellip;]<\/p>","protected":false},"author":1,"featured_media":5808,"comment_status":"closed","ping_status":"closed","sticky":false,"template":"","format":"standard","meta":{"inline_featured_image":false,"footnotes":""},"categories":[1],"tags":[],"class_list":["post-5659","post","type-post","status-publish","format-standard","has-post-thumbnail","hentry","category-uncategorized"],"yoast_head":"<!-- This site is optimized with the Yoast SEO plugin v22.8 - https:\/\/yoast.com\/wordpress\/plugins\/seo\/ -->\n<title>Pal\u00e1cio Itamaraty, no Centro do Rio, vai passar por obras de restaura\u00e7\u00e3o - Concrejato Engenharia<\/title>\n<meta name=\"robots\" content=\"index, follow, max-snippet:-1, max-image-preview:large, max-video-preview:-1\" \/>\n<link rel=\"canonical\" href=\"https:\/\/concrejato.com.br\/en\/palacio-itamaraty-no-centro-do-rio-vai-passar-por-obras-de-restauracao\" \/>\n<meta property=\"og:locale\" content=\"en_US\" \/>\n<meta property=\"og:type\" content=\"article\" \/>\n<meta property=\"og:title\" content=\"Pal\u00e1cio Itamaraty, no Centro do Rio, vai passar por obras de restaura\u00e7\u00e3o - Concrejato Engenharia\" \/>\n<meta property=\"og:description\" content=\"Pal\u00e1cio Itamaraty, no Centro do Rio, vai passar por obras de restaura\u00e7\u00e3o Para abrigar eventos ligados ao G20, o Pal\u00e1cio Itamaraty, erguido em 1854, no Centro do Rio, vai passar por obras de restaura\u00e7\u00e3o a cargo da Concrejato. O projeto, com prazo de conclus\u00e3o de dez meses, inclui reformas no gabinete do Bar\u00e3o do Rio [&hellip;]\" \/>\n<meta property=\"og:url\" content=\"https:\/\/concrejato.com.br\/en\/palacio-itamaraty-no-centro-do-rio-vai-passar-por-obras-de-restauracao\" \/>\n<meta property=\"og:site_name\" content=\"Concrejato Engenharia\" \/>\n<meta property=\"article:published_time\" content=\"2024-04-24T14:11:23+00:00\" \/>\n<meta property=\"article:modified_time\" content=\"2024-06-03T12:44:23+00:00\" \/>\n<meta property=\"og:image\" content=\"https:\/\/concrejato.com.br\/wp-content\/uploads\/2024\/05\/DJI_0559-3-scaled.jpg\" \/>\n\t<meta property=\"og:image:width\" content=\"2560\" \/>\n\t<meta property=\"og:image:height\" content=\"1440\" \/>\n\t<meta property=\"og:image:type\" content=\"image\/jpeg\" \/>\n<meta name=\"author\" content=\"Rafael\" \/>\n<meta name=\"twitter:card\" content=\"summary_large_image\" \/>\n<meta name=\"twitter:label1\" content=\"Written by\" \/>\n\t<meta name=\"twitter:data1\" content=\"Rafael\" \/>\n\t<meta name=\"twitter:label2\" content=\"Est. reading time\" \/>\n\t<meta name=\"twitter:data2\" content=\"1 minute\" \/>\n<script type=\"application\/ld+json\" class=\"yoast-schema-graph\">{\"@context\":\"https:\/\/schema.org\",\"@graph\":[{\"@type\":\"Article\",\"@id\":\"https:\/\/concrejato.com.br\/palacio-itamaraty-no-centro-do-rio-vai-passar-por-obras-de-restauracao\/#article\",\"isPartOf\":{\"@id\":\"https:\/\/concrejato.com.br\/palacio-itamaraty-no-centro-do-rio-vai-passar-por-obras-de-restauracao\/\"},\"author\":{\"name\":\"Rafael\",\"@id\":\"https:\/\/concrejato.com.br\/#\/schema\/person\/d19702d84325fbb252278851c76a6c68\"},\"headline\":\"Pal\u00e1cio Itamaraty, no Centro do Rio, vai passar por obras de restaura\u00e7\u00e3o\",\"datePublished\":\"2024-04-24T14:11:23+00:00\",\"dateModified\":\"2024-06-03T12:44:23+00:00\",\"mainEntityOfPage\":{\"@id\":\"https:\/\/concrejato.com.br\/palacio-itamaraty-no-centro-do-rio-vai-passar-por-obras-de-restauracao\/\"},\"wordCount\":108,\"publisher\":{\"@id\":\"https:\/\/concrejato.com.br\/#organization\"},\"image\":{\"@id\":\"https:\/\/concrejato.com.br\/palacio-itamaraty-no-centro-do-rio-vai-passar-por-obras-de-restauracao\/#primaryimage\"},\"thumbnailUrl\":\"https:\/\/concrejato.com.br\/wp-content\/uploads\/2024\/05\/DJI_0559-3-scaled.jpg\",\"inLanguage\":\"en-US\"},{\"@type\":\"WebPage\",\"@id\":\"https:\/\/concrejato.com.br\/palacio-itamaraty-no-centro-do-rio-vai-passar-por-obras-de-restauracao\/\",\"url\":\"https:\/\/concrejato.com.br\/palacio-itamaraty-no-centro-do-rio-vai-passar-por-obras-de-restauracao\/\",\"name\":\"Pal\u00e1cio Itamaraty, no Centro do Rio, vai passar por obras de restaura\u00e7\u00e3o - Concrejato Engenharia\",\"isPartOf\":{\"@id\":\"https:\/\/concrejato.com.br\/#website\"},\"primaryImageOfPage\":{\"@id\":\"https:\/\/concrejato.com.br\/palacio-itamaraty-no-centro-do-rio-vai-passar-por-obras-de-restauracao\/#primaryimage\"},\"image\":{\"@id\":\"https:\/\/concrejato.com.br\/palacio-itamaraty-no-centro-do-rio-vai-passar-por-obras-de-restauracao\/#primaryimage\"},\"thumbnailUrl\":\"https:\/\/concrejato.com.br\/wp-content\/uploads\/2024\/05\/DJI_0559-3-scaled.jpg\",\"datePublished\":\"2024-04-24T14:11:23+00:00\",\"dateModified\":\"2024-06-03T12:44:23+00:00\",\"breadcrumb\":{\"@id\":\"https:\/\/concrejato.com.br\/palacio-itamaraty-no-centro-do-rio-vai-passar-por-obras-de-restauracao\/#breadcrumb\"},\"inLanguage\":\"en-US\",\"potentialAction\":[{\"@type\":\"ReadAction\",\"target\":[\"https:\/\/concrejato.com.br\/palacio-itamaraty-no-centro-do-rio-vai-passar-por-obras-de-restauracao\/\"]}]},{\"@type\":\"ImageObject\",\"inLanguage\":\"en-US\",\"@id\":\"https:\/\/concrejato.com.br\/palacio-itamaraty-no-centro-do-rio-vai-passar-por-obras-de-restauracao\/#primaryimage\",\"url\":\"https:\/\/concrejato.com.br\/wp-content\/uploads\/2024\/05\/DJI_0559-3-scaled.jpg\",\"contentUrl\":\"https:\/\/concrejato.com.br\/wp-content\/uploads\/2024\/05\/DJI_0559-3-scaled.jpg\",\"width\":2560,\"height\":1440},{\"@type\":\"BreadcrumbList\",\"@id\":\"https:\/\/concrejato.com.br\/palacio-itamaraty-no-centro-do-rio-vai-passar-por-obras-de-restauracao\/#breadcrumb\",\"itemListElement\":[{\"@type\":\"ListItem\",\"position\":1,\"name\":\"In\u00edcio\",\"item\":\"https:\/\/concrejato.com.br\/\"},{\"@type\":\"ListItem\",\"position\":2,\"name\":\"Pal\u00e1cio Itamaraty, no Centro do Rio, vai passar por obras de restaura\u00e7\u00e3o\"}]},{\"@type\":\"WebSite\",\"@id\":\"https:\/\/concrejato.com.br\/#website\",\"url\":\"https:\/\/concrejato.com.br\/\",\"name\":\"Concrejato Engenharia\",\"description\":\"\",\"publisher\":{\"@id\":\"https:\/\/concrejato.com.br\/#organization\"},\"potentialAction\":[{\"@type\":\"SearchAction\",\"target\":{\"@type\":\"EntryPoint\",\"urlTemplate\":\"https:\/\/concrejato.com.br\/?s={search_term_string}\"},\"query-input\":\"required name=search_term_string\"}],\"inLanguage\":\"en-US\"},{\"@type\":\"Organization\",\"@id\":\"https:\/\/concrejato.com.br\/#organization\",\"name\":\"Concrejato Engenharia\",\"url\":\"https:\/\/concrejato.com.br\/\",\"logo\":{\"@type\":\"ImageObject\",\"inLanguage\":\"en-US\",\"@id\":\"https:\/\/concrejato.com.br\/#\/schema\/logo\/image\/\",\"url\":\"https:\/\/concrejato.com.br\/wp-content\/uploads\/2023\/08\/concrejato_engenharia_RGB_em_alta.png\",\"contentUrl\":\"https:\/\/concrejato.com.br\/wp-content\/uploads\/2023\/08\/concrejato_engenharia_RGB_em_alta.png\",\"width\":2598,\"height\":709,\"caption\":\"Concrejato Engenharia\"},\"image\":{\"@id\":\"https:\/\/concrejato.com.br\/#\/schema\/logo\/image\/\"}},{\"@type\":\"Person\",\"@id\":\"https:\/\/concrejato.com.br\/#\/schema\/person\/d19702d84325fbb252278851c76a6c68\",\"name\":\"Rafael\",\"image\":{\"@type\":\"ImageObject\",\"inLanguage\":\"en-US\",\"@id\":\"https:\/\/concrejato.com.br\/#\/schema\/person\/image\/\",\"url\":\"https:\/\/secure.gravatar.com\/avatar\/834a6d593c4307e9ab841c74cc5f94ff0402db493cb49f5ab7165b8a7713f045?s=96&d=mm&r=g\",\"contentUrl\":\"https:\/\/secure.gravatar.com\/avatar\/834a6d593c4307e9ab841c74cc5f94ff0402db493cb49f5ab7165b8a7713f045?s=96&d=mm&r=g\",\"caption\":\"Rafael\"},\"sameAs\":[\"https:\/\/concrejato.com.br\"],\"url\":\"https:\/\/concrejato.com.br\/en\/author\/rafael\/\"}]}<\/script>\n<!-- \/ Yoast SEO plugin. -->","yoast_head_json":{"title":"Pal\u00e1cio Itamaraty, no Centro do Rio, vai passar por obras de restaura\u00e7\u00e3o - Concrejato Engenharia","robots":{"index":"index","follow":"follow","max-snippet":"max-snippet:-1","max-image-preview":"max-image-preview:large","max-video-preview":"max-video-preview:-1"},"canonical":"https:\/\/concrejato.com.br\/en\/palacio-itamaraty-no-centro-do-rio-vai-passar-por-obras-de-restauracao","og_locale":"en_US","og_type":"article","og_title":"Pal\u00e1cio Itamaraty, no Centro do Rio, vai passar por obras de restaura\u00e7\u00e3o - Concrejato Engenharia","og_description":"Pal\u00e1cio Itamaraty, no Centro do Rio, vai passar por obras de restaura\u00e7\u00e3o Para abrigar eventos ligados ao G20, o Pal\u00e1cio Itamaraty, erguido em 1854, no Centro do Rio, vai passar por obras de restaura\u00e7\u00e3o a cargo da Concrejato. O projeto, com prazo de conclus\u00e3o de dez meses, inclui reformas no gabinete do Bar\u00e3o do Rio [&hellip;]","og_url":"https:\/\/concrejato.com.br\/en\/palacio-itamaraty-no-centro-do-rio-vai-passar-por-obras-de-restauracao","og_site_name":"Concrejato Engenharia","article_published_time":"2024-04-24T14:11:23+00:00","article_modified_time":"2024-06-03T12:44:23+00:00","og_image":[{"width":2560,"height":1440,"url":"https:\/\/concrejato.com.br\/wp-content\/uploads\/2024\/05\/DJI_0559-3-scaled.jpg","type":"image\/jpeg"}],"author":"Rafael","twitter_card":"summary_large_image","twitter_misc":{"Written by":"Rafael","Est. reading time":"1 minute"},"schema":{"@context":"https:\/\/schema.org","@graph":[{"@type":"Article","@id":"https:\/\/concrejato.com.br\/palacio-itamaraty-no-centro-do-rio-vai-passar-por-obras-de-restauracao\/#article","isPartOf":{"@id":"https:\/\/concrejato.com.br\/palacio-itamaraty-no-centro-do-rio-vai-passar-por-obras-de-restauracao\/"},"author":{"name":"Rafael","@id":"https:\/\/concrejato.com.br\/#\/schema\/person\/d19702d84325fbb252278851c76a6c68"},"headline":"Pal\u00e1cio Itamaraty, no Centro do Rio, vai passar por obras de restaura\u00e7\u00e3o","datePublished":"2024-04-24T14:11:23+00:00","dateModified":"2024-06-03T12:44:23+00:00","mainEntityOfPage":{"@id":"https:\/\/concrejato.com.br\/palacio-itamaraty-no-centro-do-rio-vai-passar-por-obras-de-restauracao\/"},"wordCount":108,"publisher":{"@id":"https:\/\/concrejato.com.br\/#organization"},"image":{"@id":"https:\/\/concrejato.com.br\/palacio-itamaraty-no-centro-do-rio-vai-passar-por-obras-de-restauracao\/#primaryimage"},"thumbnailUrl":"https:\/\/concrejato.com.br\/wp-content\/uploads\/2024\/05\/DJI_0559-3-scaled.jpg","inLanguage":"en-US"},{"@type":"WebPage","@id":"https:\/\/concrejato.com.br\/palacio-itamaraty-no-centro-do-rio-vai-passar-por-obras-de-restauracao\/","url":"https:\/\/concrejato.com.br\/palacio-itamaraty-no-centro-do-rio-vai-passar-por-obras-de-restauracao\/","name":"Pal\u00e1cio Itamaraty, no Centro do Rio, vai passar por obras de restaura\u00e7\u00e3o - Concrejato Engenharia","isPartOf":{"@id":"https:\/\/concrejato.com.br\/#website"},"primaryImageOfPage":{"@id":"https:\/\/concrejato.com.br\/palacio-itamaraty-no-centro-do-rio-vai-passar-por-obras-de-restauracao\/#primaryimage"},"image":{"@id":"https:\/\/concrejato.com.br\/palacio-itamaraty-no-centro-do-rio-vai-passar-por-obras-de-restauracao\/#primaryimage"},"thumbnailUrl":"https:\/\/concrejato.com.br\/wp-content\/uploads\/2024\/05\/DJI_0559-3-scaled.jpg","datePublished":"2024-04-24T14:11:23+00:00","dateModified":"2024-06-03T12:44:23+00:00","breadcrumb":{"@id":"https:\/\/concrejato.com.br\/palacio-itamaraty-no-centro-do-rio-vai-passar-por-obras-de-restauracao\/#breadcrumb"},"inLanguage":"en-US","potentialAction":[{"@type":"ReadAction","target":["https:\/\/concrejato.com.br\/palacio-itamaraty-no-centro-do-rio-vai-passar-por-obras-de-restauracao\/"]}]},{"@type":"ImageObject","inLanguage":"en-US","@id":"https:\/\/concrejato.com.br\/palacio-itamaraty-no-centro-do-rio-vai-passar-por-obras-de-restauracao\/#primaryimage","url":"https:\/\/concrejato.com.br\/wp-content\/uploads\/2024\/05\/DJI_0559-3-scaled.jpg","contentUrl":"https:\/\/concrejato.com.br\/wp-content\/uploads\/2024\/05\/DJI_0559-3-scaled.jpg","width":2560,"height":1440},{"@type":"BreadcrumbList","@id":"https:\/\/concrejato.com.br\/palacio-itamaraty-no-centro-do-rio-vai-passar-por-obras-de-restauracao\/#breadcrumb","itemListElement":[{"@type":"ListItem","position":1,"name":"In\u00edcio","item":"https:\/\/concrejato.com.br\/"},{"@type":"ListItem","position":2,"name":"Pal\u00e1cio Itamaraty, no Centro do Rio, vai passar por obras de restaura\u00e7\u00e3o"}]},{"@type":"WebSite","@id":"https:\/\/concrejato.com.br\/#website","url":"https:\/\/concrejato.com.br\/","name":"Concrejato Engenharia","description":"","publisher":{"@id":"https:\/\/concrejato.com.br\/#organization"},"potentialAction":[{"@type":"SearchAction","target":{"@type":"EntryPoint","urlTemplate":"https:\/\/concrejato.com.br\/?s={search_term_string}"},"query-input":"required name=search_term_string"}],"inLanguage":"en-US"},{"@type":"Organization","@id":"https:\/\/concrejato.com.br\/#organization","name":"Concrejato Engenharia","url":"https:\/\/concrejato.com.br\/","logo":{"@type":"ImageObject","inLanguage":"en-US","@id":"https:\/\/concrejato.com.br\/#\/schema\/logo\/image\/","url":"https:\/\/concrejato.com.br\/wp-content\/uploads\/2023\/08\/concrejato_engenharia_RGB_em_alta.png","contentUrl":"https:\/\/concrejato.com.br\/wp-content\/uploads\/2023\/08\/concrejato_engenharia_RGB_em_alta.png","width":2598,"height":709,"caption":"Concrejato Engenharia"},"image":{"@id":"https:\/\/concrejato.com.br\/#\/schema\/logo\/image\/"}},{"@type":"Person","@id":"https:\/\/concrejato.com.br\/#\/schema\/person\/d19702d84325fbb252278851c76a6c68","name":"Rafael","image":{"@type":"ImageObject","inLanguage":"en-US","@id":"https:\/\/concrejato.com.br\/#\/schema\/person\/image\/","url":"https:\/\/secure.gravatar.com\/avatar\/834a6d593c4307e9ab841c74cc5f94ff0402db493cb49f5ab7165b8a7713f045?s=96&d=mm&r=g","contentUrl":"https:\/\/secure.gravatar.com\/avatar\/834a6d593c4307e9ab841c74cc5f94ff0402db493cb49f5ab7165b8a7713f045?s=96&d=mm&r=g","caption":"Rafael"},"sameAs":["https:\/\/concrejato.com.br"],"url":"https:\/\/concrejato.com.br\/en\/author\/rafael\/"}]}},"_links":{"self":[{"href":"https:\/\/concrejato.com.br\/en\/wp-json\/wp\/v2\/posts\/5659","targetHints":{"allow":["GET"]}}],"collection":[{"href":"https:\/\/concrejato.com.br\/en\/wp-json\/wp\/v2\/posts"}],"about":[{"href":"https:\/\/concrejato.com.br\/en\/wp-json\/wp\/v2\/types\/post"}],"author":[{"embeddable":true,"href":"https:\/\/concrejato.com.br\/en\/wp-json\/wp\/v2\/users\/1"}],"replies":[{"embeddable":true,"href":"https:\/\/concrejato.com.br\/en\/wp-json\/wp\/v2\/comments?post=5659"}],"version-history":[{"count":3,"href":"https:\/\/concrejato.com.br\/en\/wp-json\/wp\/v2\/posts\/5659\/revisions"}],"predecessor-version":[{"id":5809,"href":"https:\/\/concrejato.com.br\/en\/wp-json\/wp\/v2\/posts\/5659\/revisions\/5809"}],"wp:featuredmedia":[{"embeddable":true,"href":"https:\/\/concrejato.com.br\/en\/wp-json\/wp\/v2\/media\/5808"}],"wp:attachment":[{"href":"https:\/\/concrejato.com.br\/en\/wp-json\/wp\/v2\/media?parent=5659"}],"wp:term":[{"taxonomy":"category","embeddable":true,"href":"https:\/\/concrejato.com.br\/en\/wp-json\/wp\/v2\/categories?post=5659"},{"taxonomy":"post_tag","embeddable":true,"href":"https:\/\/concrejato.com.br\/en\/wp-json\/wp\/v2\/tags?post=5659"}],"curies":[{"name":"wp","href":"https:\/\/api.w.org\/{rel}","templated":true}]}}