{"id":5661,"date":"2024-04-24T14:11:57","date_gmt":"2024-04-24T14:11:57","guid":{"rendered":"https:\/\/concrejato.com.br\/concrejato-leva-calcadao-de-copacabana-ate-as-bahamas-2-2-copy\/"},"modified":"2024-06-03T12:44:16","modified_gmt":"2024-06-03T12:44:16","slug":"do-capanema-ao-ipiranga-a-restauracao-da-historia-do-brasil","status":"publish","type":"post","link":"https:\/\/concrejato.com.br\/en\/do-capanema-ao-ipiranga-a-restauracao-da-historia-do-brasil\/","title":{"rendered":"Do Capanema ao Ipiranga: a restaura\u00e7\u00e3o da Hist\u00f3ria do Brasil"},"content":{"rendered":"<h2 class=\"wp-block-heading\">Do Capanema ao Ipiranga: a restaura\u00e7\u00e3o da Hist\u00f3ria do Brasil<\/h2>\n\n\n\n<figure class=\"wp-block-image size-large\"><img decoding=\"async\" width=\"1024\" height=\"576\" src=\"https:\/\/concrejato.com.br\/wp-content\/uploads\/2024\/05\/Patio-interno-II-1024x576.jpg\" alt=\"\" class=\"wp-image-5819\" srcset=\"https:\/\/concrejato.com.br\/wp-content\/uploads\/2024\/05\/Patio-interno-II-1024x576.jpg 1024w, https:\/\/concrejato.com.br\/wp-content\/uploads\/2024\/05\/Patio-interno-II-300x169.jpg 300w, https:\/\/concrejato.com.br\/wp-content\/uploads\/2024\/05\/Patio-interno-II-768x432.jpg 768w, https:\/\/concrejato.com.br\/wp-content\/uploads\/2024\/05\/Patio-interno-II-350x197.jpg 350w, https:\/\/concrejato.com.br\/wp-content\/uploads\/2024\/05\/Patio-interno-II-370x208.jpg 370w, https:\/\/concrejato.com.br\/wp-content\/uploads\/2024\/05\/Patio-interno-II-255x143.jpg 255w, https:\/\/concrejato.com.br\/wp-content\/uploads\/2024\/05\/Patio-interno-II-285x160.jpg 285w, https:\/\/concrejato.com.br\/wp-content\/uploads\/2024\/05\/Patio-interno-II-1536x864.jpg 1536w, https:\/\/concrejato.com.br\/wp-content\/uploads\/2024\/05\/Patio-interno-II-2048x1152.jpg 2048w\" sizes=\"(max-width: 1024px) 100vw, 1024px\" \/><\/figure>\n\n\n\n<p>Da recupera\u00e7\u00e3o do Pal\u00e1cio Capanema, marco da arquitetura moderna do Brasil, ao restauro do Museu Nacional ap\u00f3s um tr\u00e1gico inc\u00eandio. Fortalecer a mem\u00f3ria e a cultura do pa\u00eds \u00e9 um trabalho crucial desempenhado com excel\u00eancia pela Concrejato, que completa 45 anos em 2023. Refer\u00eancia do setor na restaura\u00e7\u00e3o e revitaliza\u00e7\u00e3o de edif\u00edcios tombados e patrim\u00f4nio cultural, a companhia chega a esse ano atuando em alguns dos principais \u00edcones culturais e hist\u00f3ricos do Brasil.<\/p>\n\n\n\n<p>Um exemplo marcante em 2023 foi o in\u00edcio do trabalho que a Concrejato est\u00e1 executando no Copan, edif\u00edcio emblem\u00e1tico e um dos mais famosos pontos tur\u00edsticos de S\u00e3o Paulo. A obra prev\u00ea a revitaliza\u00e7\u00e3o das fachadas, aguardada h\u00e1 anos pela popula\u00e7\u00e3o.<\/p>\n\n\n\n<p>Para verificar a mat\u00e9ria completa, acesse o site da Revista O Empreiteiro: <a href=\"https:\/\/revistaoe.com.br\/do-capanema-ao-ipiranga-a-restauracao-da-historia-do-brasil\/\">https:\/\/revistaoe.com.br\/do-capanema-ao-ipiranga-a-restauracao-da-historia-do-brasil\/<\/a><\/p>\n\n\n\n<p><\/p>","protected":false},"excerpt":{"rendered":"<p>Do Capanema ao Ipiranga: a restaura\u00e7\u00e3o da Hist\u00f3ria do Brasil Da recupera\u00e7\u00e3o do Pal\u00e1cio Capanema, marco da arquitetura moderna do Brasil, ao restauro do Museu Nacional ap\u00f3s um tr\u00e1gico inc\u00eandio. Fortalecer a mem\u00f3ria e a cultura do pa\u00eds \u00e9 um trabalho crucial desempenhado com excel\u00eancia pela Concrejato, que completa 45 anos em 2023. Refer\u00eancia do [&hellip;]<\/p>","protected":false},"author":1,"featured_media":5821,"comment_status":"closed","ping_status":"closed","sticky":false,"template":"","format":"standard","meta":{"inline_featured_image":false,"footnotes":""},"categories":[1],"tags":[],"class_list":["post-5661","post","type-post","status-publish","format-standard","has-post-thumbnail","hentry","category-uncategorized"],"yoast_head":"<!-- This site is optimized with the Yoast SEO plugin v22.8 - https:\/\/yoast.com\/wordpress\/plugins\/seo\/ -->\n<title>Do Capanema ao Ipiranga: a restaura\u00e7\u00e3o da Hist\u00f3ria do Brasil - Concrejato Engenharia<\/title>\n<meta name=\"robots\" content=\"index, follow, max-snippet:-1, max-image-preview:large, max-video-preview:-1\" \/>\n<link rel=\"canonical\" href=\"https:\/\/concrejato.com.br\/en\/do-capanema-ao-ipiranga-a-restauracao-da-historia-do-brasil\" \/>\n<meta property=\"og:locale\" content=\"en_US\" \/>\n<meta property=\"og:type\" content=\"article\" \/>\n<meta property=\"og:title\" content=\"Do Capanema ao Ipiranga: a restaura\u00e7\u00e3o da Hist\u00f3ria do Brasil - Concrejato Engenharia\" \/>\n<meta property=\"og:description\" content=\"Do Capanema ao Ipiranga: a restaura\u00e7\u00e3o da Hist\u00f3ria do Brasil Da recupera\u00e7\u00e3o do Pal\u00e1cio Capanema, marco da arquitetura moderna do Brasil, ao restauro do Museu Nacional ap\u00f3s um tr\u00e1gico inc\u00eandio. Fortalecer a mem\u00f3ria e a cultura do pa\u00eds \u00e9 um trabalho crucial desempenhado com excel\u00eancia pela Concrejato, que completa 45 anos em 2023. Refer\u00eancia do [&hellip;]\" \/>\n<meta property=\"og:url\" content=\"https:\/\/concrejato.com.br\/en\/do-capanema-ao-ipiranga-a-restauracao-da-historia-do-brasil\" \/>\n<meta property=\"og:site_name\" content=\"Concrejato Engenharia\" \/>\n<meta property=\"article:published_time\" content=\"2024-04-24T14:11:57+00:00\" \/>\n<meta property=\"article:modified_time\" content=\"2024-06-03T12:44:16+00:00\" \/>\n<meta property=\"og:image\" content=\"https:\/\/concrejato.com.br\/wp-content\/uploads\/2024\/04\/Palacio-Capanema_ALTA-scaled.jpg\" \/>\n\t<meta property=\"og:image:width\" content=\"800\" \/>\n\t<meta property=\"og:image:height\" content=\"600\" \/>\n\t<meta property=\"og:image:type\" content=\"image\/jpeg\" \/>\n<meta name=\"author\" content=\"Rafael\" \/>\n<meta name=\"twitter:card\" content=\"summary_large_image\" \/>\n<meta name=\"twitter:label1\" content=\"Written by\" \/>\n\t<meta name=\"twitter:data1\" content=\"Rafael\" \/>\n\t<meta name=\"twitter:label2\" content=\"Est. reading time\" \/>\n\t<meta name=\"twitter:data2\" content=\"2 minutes\" \/>\n<script type=\"application\/ld+json\" class=\"yoast-schema-graph\">{\"@context\":\"https:\/\/schema.org\",\"@graph\":[{\"@type\":\"Article\",\"@id\":\"https:\/\/concrejato.com.br\/do-capanema-ao-ipiranga-a-restauracao-da-historia-do-brasil\/#article\",\"isPartOf\":{\"@id\":\"https:\/\/concrejato.com.br\/do-capanema-ao-ipiranga-a-restauracao-da-historia-do-brasil\/\"},\"author\":{\"name\":\"Rafael\",\"@id\":\"https:\/\/concrejato.com.br\/#\/schema\/person\/d19702d84325fbb252278851c76a6c68\"},\"headline\":\"Do Capanema ao Ipiranga: a restaura\u00e7\u00e3o da Hist\u00f3ria do Brasil\",\"datePublished\":\"2024-04-24T14:11:57+00:00\",\"dateModified\":\"2024-06-03T12:44:16+00:00\",\"mainEntityOfPage\":{\"@id\":\"https:\/\/concrejato.com.br\/do-capanema-ao-ipiranga-a-restauracao-da-historia-do-brasil\/\"},\"wordCount\":173,\"publisher\":{\"@id\":\"https:\/\/concrejato.com.br\/#organization\"},\"image\":{\"@id\":\"https:\/\/concrejato.com.br\/do-capanema-ao-ipiranga-a-restauracao-da-historia-do-brasil\/#primaryimage\"},\"thumbnailUrl\":\"https:\/\/concrejato.com.br\/wp-content\/uploads\/2024\/04\/Palacio-Capanema_ALTA-scaled.jpg\",\"inLanguage\":\"en-US\"},{\"@type\":\"WebPage\",\"@id\":\"https:\/\/concrejato.com.br\/do-capanema-ao-ipiranga-a-restauracao-da-historia-do-brasil\/\",\"url\":\"https:\/\/concrejato.com.br\/do-capanema-ao-ipiranga-a-restauracao-da-historia-do-brasil\/\",\"name\":\"Do Capanema ao Ipiranga: a restaura\u00e7\u00e3o da Hist\u00f3ria do Brasil - Concrejato Engenharia\",\"isPartOf\":{\"@id\":\"https:\/\/concrejato.com.br\/#website\"},\"primaryImageOfPage\":{\"@id\":\"https:\/\/concrejato.com.br\/do-capanema-ao-ipiranga-a-restauracao-da-historia-do-brasil\/#primaryimage\"},\"image\":{\"@id\":\"https:\/\/concrejato.com.br\/do-capanema-ao-ipiranga-a-restauracao-da-historia-do-brasil\/#primaryimage\"},\"thumbnailUrl\":\"https:\/\/concrejato.com.br\/wp-content\/uploads\/2024\/04\/Palacio-Capanema_ALTA-scaled.jpg\",\"datePublished\":\"2024-04-24T14:11:57+00:00\",\"dateModified\":\"2024-06-03T12:44:16+00:00\",\"breadcrumb\":{\"@id\":\"https:\/\/concrejato.com.br\/do-capanema-ao-ipiranga-a-restauracao-da-historia-do-brasil\/#breadcrumb\"},\"inLanguage\":\"en-US\",\"potentialAction\":[{\"@type\":\"ReadAction\",\"target\":[\"https:\/\/concrejato.com.br\/do-capanema-ao-ipiranga-a-restauracao-da-historia-do-brasil\/\"]}]},{\"@type\":\"ImageObject\",\"inLanguage\":\"en-US\",\"@id\":\"https:\/\/concrejato.com.br\/do-capanema-ao-ipiranga-a-restauracao-da-historia-do-brasil\/#primaryimage\",\"url\":\"https:\/\/concrejato.com.br\/wp-content\/uploads\/2024\/04\/Palacio-Capanema_ALTA-scaled.jpg\",\"contentUrl\":\"https:\/\/concrejato.com.br\/wp-content\/uploads\/2024\/04\/Palacio-Capanema_ALTA-scaled.jpg\",\"width\":800,\"height\":600},{\"@type\":\"BreadcrumbList\",\"@id\":\"https:\/\/concrejato.com.br\/do-capanema-ao-ipiranga-a-restauracao-da-historia-do-brasil\/#breadcrumb\",\"itemListElement\":[{\"@type\":\"ListItem\",\"position\":1,\"name\":\"In\u00edcio\",\"item\":\"https:\/\/concrejato.com.br\/\"},{\"@type\":\"ListItem\",\"position\":2,\"name\":\"Do Capanema ao Ipiranga: a restaura\u00e7\u00e3o da Hist\u00f3ria do Brasil\"}]},{\"@type\":\"WebSite\",\"@id\":\"https:\/\/concrejato.com.br\/#website\",\"url\":\"https:\/\/concrejato.com.br\/\",\"name\":\"Concrejato Engenharia\",\"description\":\"\",\"publisher\":{\"@id\":\"https:\/\/concrejato.com.br\/#organization\"},\"potentialAction\":[{\"@type\":\"SearchAction\",\"target\":{\"@type\":\"EntryPoint\",\"urlTemplate\":\"https:\/\/concrejato.com.br\/?s={search_term_string}\"},\"query-input\":\"required name=search_term_string\"}],\"inLanguage\":\"en-US\"},{\"@type\":\"Organization\",\"@id\":\"https:\/\/concrejato.com.br\/#organization\",\"name\":\"Concrejato Engenharia\",\"url\":\"https:\/\/concrejato.com.br\/\",\"logo\":{\"@type\":\"ImageObject\",\"inLanguage\":\"en-US\",\"@id\":\"https:\/\/concrejato.com.br\/#\/schema\/logo\/image\/\",\"url\":\"https:\/\/concrejato.com.br\/wp-content\/uploads\/2023\/08\/concrejato_engenharia_RGB_em_alta.png\",\"contentUrl\":\"https:\/\/concrejato.com.br\/wp-content\/uploads\/2023\/08\/concrejato_engenharia_RGB_em_alta.png\",\"width\":2598,\"height\":709,\"caption\":\"Concrejato Engenharia\"},\"image\":{\"@id\":\"https:\/\/concrejato.com.br\/#\/schema\/logo\/image\/\"}},{\"@type\":\"Person\",\"@id\":\"https:\/\/concrejato.com.br\/#\/schema\/person\/d19702d84325fbb252278851c76a6c68\",\"name\":\"Rafael\",\"image\":{\"@type\":\"ImageObject\",\"inLanguage\":\"en-US\",\"@id\":\"https:\/\/concrejato.com.br\/#\/schema\/person\/image\/\",\"url\":\"https:\/\/secure.gravatar.com\/avatar\/834a6d593c4307e9ab841c74cc5f94ff0402db493cb49f5ab7165b8a7713f045?s=96&d=mm&r=g\",\"contentUrl\":\"https:\/\/secure.gravatar.com\/avatar\/834a6d593c4307e9ab841c74cc5f94ff0402db493cb49f5ab7165b8a7713f045?s=96&d=mm&r=g\",\"caption\":\"Rafael\"},\"sameAs\":[\"https:\/\/concrejato.com.br\"],\"url\":\"https:\/\/concrejato.com.br\/en\/author\/rafael\/\"}]}<\/script>\n<!-- \/ Yoast SEO plugin. -->","yoast_head_json":{"title":"Do Capanema ao Ipiranga: a restaura\u00e7\u00e3o da Hist\u00f3ria do Brasil - Concrejato Engenharia","robots":{"index":"index","follow":"follow","max-snippet":"max-snippet:-1","max-image-preview":"max-image-preview:large","max-video-preview":"max-video-preview:-1"},"canonical":"https:\/\/concrejato.com.br\/en\/do-capanema-ao-ipiranga-a-restauracao-da-historia-do-brasil","og_locale":"en_US","og_type":"article","og_title":"Do Capanema ao Ipiranga: a restaura\u00e7\u00e3o da Hist\u00f3ria do Brasil - Concrejato Engenharia","og_description":"Do Capanema ao Ipiranga: a restaura\u00e7\u00e3o da Hist\u00f3ria do Brasil Da recupera\u00e7\u00e3o do Pal\u00e1cio Capanema, marco da arquitetura moderna do Brasil, ao restauro do Museu Nacional ap\u00f3s um tr\u00e1gico inc\u00eandio. Fortalecer a mem\u00f3ria e a cultura do pa\u00eds \u00e9 um trabalho crucial desempenhado com excel\u00eancia pela Concrejato, que completa 45 anos em 2023. Refer\u00eancia do [&hellip;]","og_url":"https:\/\/concrejato.com.br\/en\/do-capanema-ao-ipiranga-a-restauracao-da-historia-do-brasil","og_site_name":"Concrejato Engenharia","article_published_time":"2024-04-24T14:11:57+00:00","article_modified_time":"2024-06-03T12:44:16+00:00","og_image":[{"width":800,"height":600,"url":"https:\/\/concrejato.com.br\/wp-content\/uploads\/2024\/04\/Palacio-Capanema_ALTA-scaled.jpg","type":"image\/jpeg"}],"author":"Rafael","twitter_card":"summary_large_image","twitter_misc":{"Written by":"Rafael","Est. reading time":"2 minutes"},"schema":{"@context":"https:\/\/schema.org","@graph":[{"@type":"Article","@id":"https:\/\/concrejato.com.br\/do-capanema-ao-ipiranga-a-restauracao-da-historia-do-brasil\/#article","isPartOf":{"@id":"https:\/\/concrejato.com.br\/do-capanema-ao-ipiranga-a-restauracao-da-historia-do-brasil\/"},"author":{"name":"Rafael","@id":"https:\/\/concrejato.com.br\/#\/schema\/person\/d19702d84325fbb252278851c76a6c68"},"headline":"Do Capanema ao Ipiranga: a restaura\u00e7\u00e3o da Hist\u00f3ria do Brasil","datePublished":"2024-04-24T14:11:57+00:00","dateModified":"2024-06-03T12:44:16+00:00","mainEntityOfPage":{"@id":"https:\/\/concrejato.com.br\/do-capanema-ao-ipiranga-a-restauracao-da-historia-do-brasil\/"},"wordCount":173,"publisher":{"@id":"https:\/\/concrejato.com.br\/#organization"},"image":{"@id":"https:\/\/concrejato.com.br\/do-capanema-ao-ipiranga-a-restauracao-da-historia-do-brasil\/#primaryimage"},"thumbnailUrl":"https:\/\/concrejato.com.br\/wp-content\/uploads\/2024\/04\/Palacio-Capanema_ALTA-scaled.jpg","inLanguage":"en-US"},{"@type":"WebPage","@id":"https:\/\/concrejato.com.br\/do-capanema-ao-ipiranga-a-restauracao-da-historia-do-brasil\/","url":"https:\/\/concrejato.com.br\/do-capanema-ao-ipiranga-a-restauracao-da-historia-do-brasil\/","name":"Do Capanema ao Ipiranga: a restaura\u00e7\u00e3o da Hist\u00f3ria do Brasil - Concrejato Engenharia","isPartOf":{"@id":"https:\/\/concrejato.com.br\/#website"},"primaryImageOfPage":{"@id":"https:\/\/concrejato.com.br\/do-capanema-ao-ipiranga-a-restauracao-da-historia-do-brasil\/#primaryimage"},"image":{"@id":"https:\/\/concrejato.com.br\/do-capanema-ao-ipiranga-a-restauracao-da-historia-do-brasil\/#primaryimage"},"thumbnailUrl":"https:\/\/concrejato.com.br\/wp-content\/uploads\/2024\/04\/Palacio-Capanema_ALTA-scaled.jpg","datePublished":"2024-04-24T14:11:57+00:00","dateModified":"2024-06-03T12:44:16+00:00","breadcrumb":{"@id":"https:\/\/concrejato.com.br\/do-capanema-ao-ipiranga-a-restauracao-da-historia-do-brasil\/#breadcrumb"},"inLanguage":"en-US","potentialAction":[{"@type":"ReadAction","target":["https:\/\/concrejato.com.br\/do-capanema-ao-ipiranga-a-restauracao-da-historia-do-brasil\/"]}]},{"@type":"ImageObject","inLanguage":"en-US","@id":"https:\/\/concrejato.com.br\/do-capanema-ao-ipiranga-a-restauracao-da-historia-do-brasil\/#primaryimage","url":"https:\/\/concrejato.com.br\/wp-content\/uploads\/2024\/04\/Palacio-Capanema_ALTA-scaled.jpg","contentUrl":"https:\/\/concrejato.com.br\/wp-content\/uploads\/2024\/04\/Palacio-Capanema_ALTA-scaled.jpg","width":800,"height":600},{"@type":"BreadcrumbList","@id":"https:\/\/concrejato.com.br\/do-capanema-ao-ipiranga-a-restauracao-da-historia-do-brasil\/#breadcrumb","itemListElement":[{"@type":"ListItem","position":1,"name":"In\u00edcio","item":"https:\/\/concrejato.com.br\/"},{"@type":"ListItem","position":2,"name":"Do Capanema ao Ipiranga: a restaura\u00e7\u00e3o da Hist\u00f3ria do Brasil"}]},{"@type":"WebSite","@id":"https:\/\/concrejato.com.br\/#website","url":"https:\/\/concrejato.com.br\/","name":"Concrejato Engenharia","description":"","publisher":{"@id":"https:\/\/concrejato.com.br\/#organization"},"potentialAction":[{"@type":"SearchAction","target":{"@type":"EntryPoint","urlTemplate":"https:\/\/concrejato.com.br\/?s={search_term_string}"},"query-input":"required name=search_term_string"}],"inLanguage":"en-US"},{"@type":"Organization","@id":"https:\/\/concrejato.com.br\/#organization","name":"Concrejato Engenharia","url":"https:\/\/concrejato.com.br\/","logo":{"@type":"ImageObject","inLanguage":"en-US","@id":"https:\/\/concrejato.com.br\/#\/schema\/logo\/image\/","url":"https:\/\/concrejato.com.br\/wp-content\/uploads\/2023\/08\/concrejato_engenharia_RGB_em_alta.png","contentUrl":"https:\/\/concrejato.com.br\/wp-content\/uploads\/2023\/08\/concrejato_engenharia_RGB_em_alta.png","width":2598,"height":709,"caption":"Concrejato Engenharia"},"image":{"@id":"https:\/\/concrejato.com.br\/#\/schema\/logo\/image\/"}},{"@type":"Person","@id":"https:\/\/concrejato.com.br\/#\/schema\/person\/d19702d84325fbb252278851c76a6c68","name":"Rafael","image":{"@type":"ImageObject","inLanguage":"en-US","@id":"https:\/\/concrejato.com.br\/#\/schema\/person\/image\/","url":"https:\/\/secure.gravatar.com\/avatar\/834a6d593c4307e9ab841c74cc5f94ff0402db493cb49f5ab7165b8a7713f045?s=96&d=mm&r=g","contentUrl":"https:\/\/secure.gravatar.com\/avatar\/834a6d593c4307e9ab841c74cc5f94ff0402db493cb49f5ab7165b8a7713f045?s=96&d=mm&r=g","caption":"Rafael"},"sameAs":["https:\/\/concrejato.com.br"],"url":"https:\/\/concrejato.com.br\/en\/author\/rafael\/"}]}},"_links":{"self":[{"href":"https:\/\/concrejato.com.br\/en\/wp-json\/wp\/v2\/posts\/5661","targetHints":{"allow":["GET"]}}],"collection":[{"href":"https:\/\/concrejato.com.br\/en\/wp-json\/wp\/v2\/posts"}],"about":[{"href":"https:\/\/concrejato.com.br\/en\/wp-json\/wp\/v2\/types\/post"}],"author":[{"embeddable":true,"href":"https:\/\/concrejato.com.br\/en\/wp-json\/wp\/v2\/users\/1"}],"replies":[{"embeddable":true,"href":"https:\/\/concrejato.com.br\/en\/wp-json\/wp\/v2\/comments?post=5661"}],"version-history":[{"count":3,"href":"https:\/\/concrejato.com.br\/en\/wp-json\/wp\/v2\/posts\/5661\/revisions"}],"predecessor-version":[{"id":5820,"href":"https:\/\/concrejato.com.br\/en\/wp-json\/wp\/v2\/posts\/5661\/revisions\/5820"}],"wp:featuredmedia":[{"embeddable":true,"href":"https:\/\/concrejato.com.br\/en\/wp-json\/wp\/v2\/media\/5821"}],"wp:attachment":[{"href":"https:\/\/concrejato.com.br\/en\/wp-json\/wp\/v2\/media?parent=5661"}],"wp:term":[{"taxonomy":"category","embeddable":true,"href":"https:\/\/concrejato.com.br\/en\/wp-json\/wp\/v2\/categories?post=5661"},{"taxonomy":"post_tag","embeddable":true,"href":"https:\/\/concrejato.com.br\/en\/wp-json\/wp\/v2\/tags?post=5661"}],"curies":[{"name":"wp","href":"https:\/\/api.w.org\/{rel}","templated":true}]}}